{"id":10122,"date":"2025-07-07T14:36:57","date_gmt":"2025-07-07T14:36:57","guid":{"rendered":"https:\/\/verdadincomodadiario.ar\/?p=10122"},"modified":"2025-07-07T14:36:57","modified_gmt":"2025-07-07T14:36:57","slug":"netflix-lanza-el-trailer-de-cyberpunk-edgerunners-2-y-confirma-su-historia-brutal","status":"publish","type":"post","link":"https:\/\/verdadincomodadiario.ar\/?p=10122","title":{"rendered":"Netflix lanza el tr\u00e1iler de Cyberpunk Edgerunners 2 y confirma su historia brutal"},"content":{"rendered":"<p><strong>Netflix<\/strong> confirm\u00f3 el regreso de <strong>Cyberpunk: Edgerunners<\/strong>, el exitoso anime de <a href=\"https:\/\/derechadiario.com.ar\/entretenimiento\/cyberpunk-2077-llega-nintendo-switch-2-con-su-edicion-definitiva\" title=\"Cyberpunk 2077 llega a Nintendo Switch 2 con su edici\u00f3n definitiva\"><strong>CD Projekt RED<\/strong><\/a>, con una nueva temporada que ya tiene su primer teaser.<\/p>\n<p>El <strong><a href=\"https:\/\/derechadiario.com.ar\/entretenimiento\/black-ops-7-asi-trailer-del-nuevo-call-of-duty-ambientado-2035\" title=\"'Black Ops 7': as\u00ed es el primer tr\u00e1iler del nuevo Call of Duty ambientado en 2035\">tr\u00e1iler<\/a><\/strong>\u00a0 destroz\u00f3 a muchos fans: deja en claro que <strong>David no vuelve<\/strong>, y promete una historia completamente distinta, m\u00e1s oscura y brutal.<\/p>\n<div class=\"inter_image image_horizontal\">\n<picture><source class=\"img-responsive\" type=\"image\/webp\" data-srcset=\"https:\/\/filesedc.com\/uploads\/image\/post\/2025\/07\/cyberpunk-edgerunners-temporada-2_300_200.webp 300w, https:\/\/filesedc.com\/uploads\/image\/post\/2025\/07\/cyberpunk-edgerunners-temporada-2_630_420.webp 630w, https:\/\/filesedc.com\/uploads\/image\/post\/2025\/07\/cyberpunk-edgerunners-temporada-2_760_507.webp 760w, https:\/\/filesedc.com\/uploads\/image\/post\/2025\/07\/cyberpunk-edgerunners-temporada-2_1200_800.webp 1200w, https:\/\/filesedc.com\/uploads\/image\/post\/2025\/07\/cyberpunk-edgerunners-temporada-2_1600_1067.webp 1600w, \"><img decoding=\"async\" src=\"https:\/\/derechadiario.com.ar\/filesedc\/uploads\/image\/post\/2025\/07\/cyberpunk-edgerunners-temporada-2_1200_800.webp\" class=\"img-responsive lazyload\" alt=\"Logo de Cyberpunk Edgerunners con colores ne\u00f3n y un fondo futurista lleno de luces y l\u00edneas brillantes\" title=\"Logo de Cyberpunk Edgerunners con colores ne\u00f3n y un fondo futurista lleno de luces y l\u00edneas brillantes\"><\/picture>\n<div>\n<span class=\"img_footer\">Netflix confirm\u00f3 el regreso de Cyberpunk: Edgerunners <\/span>| <span class=\"img_author\">La Derecha Diario<\/span>\n<\/div>\n<\/div>\n<h2><strong>Una historia nueva con otros protagonistas<\/strong><\/h2>\n<p>La segunda temporada de <strong>Edgerunners<\/strong> va a contar con <strong>10 episodios<\/strong> de unos 25 minutos cada uno, tal como la entrega original de 2022. Pero esta vez, se trata de una narrativa distinta, con personajes nuevos.<\/p>\n<p>Seg\u00fan confirmaron desde CD Projekt RED, el foco estar\u00e1 puesto en una historia de <strong>venganza y redenci\u00f3n<\/strong>, que explorar\u00e1 otros rincones de <strong>Night City<\/strong>. La frase que cierra el teaser lo deja claro: \u201c<em>David est\u00e1 muerto<\/em>\u201d.<\/p>\n<aside class=\"whatsappChannelText\"><a href=\"https:\/\/whatsapp.com\/channel\/0029VagEjILGE56eKjedWF2U\" rel=\"nofollow\" title=\"WhatsApp Link\"><img alt=\"Logo de WhatsApp\" class=\"lazyload\" data-src=\"https:\/\/derechadiario.com.ar\/filesedc\/uploads\/other\/whatsapp_icon_mid_article.png\" width=\"32\" height=\"32\"><\/a> <a href=\"https:\/\/whatsapp.com\/channel\/0029VagEjILGE56eKjedWF2U\" rel=\"nofollow\" title=\"WhatsApp Link\"><strong>NO SE PIERDAN NINGUNA NOTICIA<\/strong>: Click aqu\u00ed para sumarte <strong>GRATIS<\/strong> al canal de noticias de <strong>La Derecha Diario en WhatsApp.<\/strong><\/a><\/aside>\n<aside class=\"are-you-interested-container-photo\"><\/aside>\n<h2><strong>Un nuevo director y un tono m\u00e1s cinematogr\u00e1fico<\/strong><\/h2>\n<p>El nuevo showrunner es <strong>Kai Ikarashi<\/strong>, un nombre ligado al estudio Trigger, responsable tambi\u00e9n de animes como <em>Promare<\/em> y <em>Kill la Kill<\/em>. Prometen una puesta en escena m\u00e1s <strong>audaz y cinematogr\u00e1fica<\/strong>.<\/p>\n<div class=\"text-center\">\n<h3 class=\"dailyMotionTitle\">Cyberpunk Edgerunners temporada 2 &#8211; Tr\u00e1iler<\/h3>\n<aside>\n<figure class=\"op-interactive\"><\/figure>\n<\/aside>\n<\/div>\n<p>El equipo creativo incluye al dise\u00f1ador <strong>Kanno Ichigo<\/strong> y a los guionistas <strong>Masahiko Otsuka<\/strong> y <strong>Bartosz Sztybor<\/strong>, este \u00faltimo tambi\u00e9n conocido por los c\u00f3mics oficiales del universo Cyberpunk.<\/p>\n<h2><strong>\u00bfDe qu\u00e9 trata esta nueva temporada?<\/strong><\/h2>\n<p>La sinopsis oficial sigue siendo bastante vaga, pero sugiere un enfoque m\u00e1s introspectivo. La est\u00e9tica ser\u00e1 la misma: un caos tecnol\u00f3gico, <strong>hiperviolento y nihilista<\/strong>, marcado por el culto a la imagen y la destrucci\u00f3n.<\/p>\n<figure><img decoding=\"async\" src=\"https:\/\/derechadiario.com.ar\/filesedc\/uploads\/image\/post\/2025\/07\/cyberpunk-edgerunners-temporada-2-netflix_1200_800.webp\" class=\"img-responsive lazyload\" alt=\"Ilustraci\u00f3n de un personaje de estilo anime con cabello oscuro y un ojo verde brillante sosteniendo una c\u00e1mara frente a un fondo rojo intenso\" title=\"Ilustraci\u00f3n de un personaje de estilo anime con cabello oscuro y un ojo verde brillante sosteniendo una c\u00e1mara frente a un fondo rojo intenso\"><\/figure>\n<p>\u201c<em>Cuando el mundo est\u00e1 cegado por el espect\u00e1culo, \u00bfhasta d\u00f3nde ten\u00e9s que llegar para que tu historia importe?<\/em>\u201d, se pregunta el tr\u00e1iler.<\/p>\n","protected":false},"excerpt":{"rendered":"<p>Netflix confirm\u00f3 el regreso de Cyberpunk: Edgerunners, el exitoso anime de CD Projekt RED, con una nueva temporada que ya tiene su primer teaser. El tr\u00e1iler\u00a0 destroz\u00f3 a muchos fans: deja en claro que David no vuelve, y promete una historia completamente distinta, m\u00e1s oscura y brutal. Netflix confirm\u00f3 el regreso de Cyberpunk: Edgerunners | [&hellip;]<\/p>\n","protected":false},"author":2,"featured_media":10123,"comment_status":"open","ping_status":"open","sticky":false,"template":"","format":"standard","meta":{"_et_pb_use_builder":"","_et_pb_old_content":"","_et_gb_content_width":"","footnotes":""},"categories":[84],"tags":[],"class_list":["post-10122","post","type-post","status-publish","format-standard","has-post-thumbnail","hentry","category-ultimomomento"],"_links":{"self":[{"href":"https:\/\/verdadincomodadiario.ar\/index.php?rest_route=\/wp\/v2\/posts\/10122","targetHints":{"allow":["GET"]}}],"collection":[{"href":"https:\/\/verdadincomodadiario.ar\/index.php?rest_route=\/wp\/v2\/posts"}],"about":[{"href":"https:\/\/verdadincomodadiario.ar\/index.php?rest_route=\/wp\/v2\/types\/post"}],"author":[{"embeddable":true,"href":"https:\/\/verdadincomodadiario.ar\/index.php?rest_route=\/wp\/v2\/users\/2"}],"replies":[{"embeddable":true,"href":"https:\/\/verdadincomodadiario.ar\/index.php?rest_route=%2Fwp%2Fv2%2Fcomments&post=10122"}],"version-history":[{"count":0,"href":"https:\/\/verdadincomodadiario.ar\/index.php?rest_route=\/wp\/v2\/posts\/10122\/revisions"}],"wp:featuredmedia":[{"embeddable":true,"href":"https:\/\/verdadincomodadiario.ar\/index.php?rest_route=\/wp\/v2\/media\/10123"}],"wp:attachment":[{"href":"https:\/\/verdadincomodadiario.ar\/index.php?rest_route=%2Fwp%2Fv2%2Fmedia&parent=10122"}],"wp:term":[{"taxonomy":"category","embeddable":true,"href":"https:\/\/verdadincomodadiario.ar\/index.php?rest_route=%2Fwp%2Fv2%2Fcategories&post=10122"},{"taxonomy":"post_tag","embeddable":true,"href":"https:\/\/verdadincomodadiario.ar\/index.php?rest_route=%2Fwp%2Fv2%2Ftags&post=10122"}],"curies":[{"name":"wp","href":"https:\/\/api.w.org\/{rel}","templated":true}]}}