{"id":10120,"date":"2025-07-07T14:36:58","date_gmt":"2025-07-07T14:36:58","guid":{"rendered":"https:\/\/verdadincomodadiario.ar\/?p=10120"},"modified":"2025-07-07T14:36:58","modified_gmt":"2025-07-07T14:36:58","slug":"silent-hill-f-se-filtra-el-trailer-y-revive-el-terror-clasico-de-la-saga","status":"publish","type":"post","link":"https:\/\/verdadincomodadiario.ar\/?p=10120","title":{"rendered":"&#8216;Silent Hill f&#8217;: se filtra el tr\u00e1iler y revive el terror cl\u00e1sico de la saga"},"content":{"rendered":"<p><a href=\"https:\/\/derechadiario.com.ar\/entretenimiento\/konami-sorprende-y-anuncia-remake-del-silent-hill\" title=\"Konami sorprende y anuncia un remake del primer 'Silent Hill'\"><strong>Konami<\/strong><\/a> present\u00f3 en la <strong>Anime Expo 2025<\/strong> la cinem\u00e1tica de apertura de <a href=\"https:\/\/derechadiario.com.ar\/entretenimiento\/konami-confirma-que-silent-hill-f-tendra-historia-autonoma-y-accesible\" title=\"Konami confirma que Silent Hill f tendr\u00e1 historia aut\u00f3noma y accesible\"><strong>Silent Hill f<\/strong><\/a>, su nuevo juego de terror psicol\u00f3gico ambientado en el Jap\u00f3n.<\/p>\n<p>La escena <strong>se filtr\u00f3 r\u00e1pidamente en redes<\/strong> y no tard\u00f3 en encantar a los fans m\u00e1s fieles de la franquicia. Aunque el video no tiene la mejor calidad, confirma que esta entrega apunta directo al coraz\u00f3n del horror japon\u00e9s m\u00e1s cl\u00e1sico.<\/p>\n<div class=\"inter_image image_horizontal\">\n<picture><source class=\"img-responsive\" type=\"image\/webp\" data-srcset=\"https:\/\/filesedc.com\/uploads\/image\/post\/screenshot-2025-05-23-124832_300_200.webp 300w, https:\/\/filesedc.com\/uploads\/image\/post\/screenshot-2025-05-23-124832_630_420.webp 630w, https:\/\/filesedc.com\/uploads\/image\/post\/screenshot-2025-05-23-124832_760_507.webp 760w, https:\/\/filesedc.com\/uploads\/image\/post\/screenshot-2025-05-23-124832_1200_800.webp 1200w, https:\/\/filesedc.com\/uploads\/image\/post\/screenshot-2025-05-23-124832_1600_1067.webp 1600w, \"><img decoding=\"async\" src=\"https:\/\/derechadiario.com.ar\/filesedc\/uploads\/image\/post\/screenshot-2025-05-23-124832_1200_800.webp\" class=\"img-responsive lazyload\" alt=\"Una joven con uniforme escolar y expresi\u00f3n seria sostiene una barra de metal en un entorno oscuro y misterioso con vegetaci\u00f3n roja y el t\u00edtulo \" silent hill f en letras grandes. title=\"Una joven con uniforme escolar y expresi\u00f3n seria sostiene una barra de metal en un entorno oscuro y misterioso con vegetaci\u00f3n roja y el t\u00edtulo \"><\/picture>\n<div>\n<span class=\"img_footer\">Konami present\u00f3 en la Anime Expo 2025 la cinem\u00e1tica de apertura de Silent Hill f <\/span>| <span class=\"img_author\">La Derecha Diario<\/span>\n<\/div>\n<\/div>\n<h2><strong>Una nueva pesadilla con esencia japonesa<\/strong><\/h2>\n<p><strong>Silent Hill f<\/strong> se lanza el <strong>25 de septiembre<\/strong> en <strong>PS5<\/strong>, <strong>Xbox Series X\/S<\/strong> y <strong>PC.<\/strong><\/p>\n<p>Esta ambientaci\u00f3n le permite al equipo incorporar elementos de la <strong>cultura japonesa<\/strong> tradicional y mezclarlos con una atm\u00f3sfera espesa, donde la <strong>niebla<\/strong> y el silencio se transforman en amenazas constantes.<\/p>\n<aside class=\"are-you-interested-container-photo\"><\/aside>\n<h3><strong>Un equipo creativo experto en horror<\/strong><\/h3>\n<p>Uno de los puntos m\u00e1s destacados es que la historia est\u00e1 firmada por <strong>Ryukishi07<\/strong>, reconocido autor de novelas visuales de terror.<\/p>\n<figure><img decoding=\"async\" src=\"https:\/\/derechadiario.com.ar\/filesedc\/uploads\/image\/post\/silent-hill-f_1200_800.webp\" class=\"img-responsive lazyload\" alt=\"Una chica con uniforme escolar observa unas escaleras oscuras al final de las cuales se distingue una figura misteriosa y amenazante\" title=\"Una chica con uniforme escolar observa unas escaleras oscuras al final de las cuales se distingue una figura misteriosa y amenazante\"><\/figure>\n<p>Con \u00e9l a bordo, el guion promete momentos cargados de tensi\u00f3n, simbolismo oscuro y un fuerte componente psicol\u00f3gico, algo que ya se percibe en los primeros tres minutos del video filtrado.<\/p>\n<h2><strong>Una cinem\u00e1tica filtrada que no pas\u00f3 desapercibida<\/strong><\/h2>\n<p>La <strong>cinem\u00e1tica de apertura<\/strong> fue presentada oficialmente en el stand de <strong>Konami<\/strong> durante la <strong>Anime Expo 2025<\/strong> en Los \u00c1ngeles.<\/p>\n<div class=\"text-center\">\n<h3 class=\"youtubeTitle\">See the full Silent Hill f opening at Konami panel today<\/h3>\n<div class=\"text-center\">\n<figure class=\"op-interactive\"><\/figure>\n<\/div>\n<\/div>\n<p>Sin embargo, pocas horas despu\u00e9s, apareci\u00f3 online sin autorizaci\u00f3n y fue replicada por medios y creadores de contenido. Las redes estallaron y la comunidad celebr\u00f3 el tono inquietante que transmite desde el primer segundo.<\/p>\n<aside class=\"whatsappChannelText\"><a href=\"https:\/\/whatsapp.com\/channel\/0029VagEjILGE56eKjedWF2U\" rel=\"nofollow\" title=\"WhatsApp Link\"><img alt=\"Logo de WhatsApp\" class=\"lazyload\" data-src=\"https:\/\/derechadiario.com.ar\/filesedc\/uploads\/other\/whatsapp_icon_mid_article.png\" width=\"32\" height=\"32\"><\/a> <a href=\"https:\/\/whatsapp.com\/channel\/0029VagEjILGE56eKjedWF2U\" rel=\"nofollow\" title=\"WhatsApp Link\"><strong>NO SE PIERDAN NINGUNA NOTICIA<\/strong>: Click aqu\u00ed para sumarte <strong>GRATIS<\/strong> al canal de noticias de <strong>La Derecha Diario en WhatsApp.<\/strong><\/a><\/aside>\n<h3><strong>\u00bfSpoilers?<\/strong><\/h3>\n<p>La filtraci\u00f3n muestra a la protagonista <strong>Hinako<\/strong> caminando por las calles de <strong>Ebisugaoka<\/strong>, una ciudad sumida en una niebla espesa y cargada de s\u00edmbolos macabros.<\/p>\n<p>El avance no solo revela la est\u00e9tica, sino tambi\u00e9n peque\u00f1os detalles sobre la mec\u00e1nica de juego, que combinar\u00e1 <strong>puzles<\/strong>, <strong>exploraci\u00f3n<\/strong> y <strong>enfrentamientos contra monstruos grotescos<\/strong>.<\/p>\n","protected":false},"excerpt":{"rendered":"<p>Konami present\u00f3 en la Anime Expo 2025 la cinem\u00e1tica de apertura de Silent Hill f, su nuevo juego de terror psicol\u00f3gico ambientado en el Jap\u00f3n. La escena se filtr\u00f3 r\u00e1pidamente en redes y no tard\u00f3 en encantar a los fans m\u00e1s fieles de la franquicia. Aunque el video no tiene la mejor calidad, confirma que [&hellip;]<\/p>\n","protected":false},"author":2,"featured_media":10121,"comment_status":"open","ping_status":"open","sticky":false,"template":"","format":"standard","meta":{"_et_pb_use_builder":"","_et_pb_old_content":"","_et_gb_content_width":"","footnotes":""},"categories":[84],"tags":[],"class_list":["post-10120","post","type-post","status-publish","format-standard","has-post-thumbnail","hentry","category-ultimomomento"],"_links":{"self":[{"href":"https:\/\/verdadincomodadiario.ar\/index.php?rest_route=\/wp\/v2\/posts\/10120","targetHints":{"allow":["GET"]}}],"collection":[{"href":"https:\/\/verdadincomodadiario.ar\/index.php?rest_route=\/wp\/v2\/posts"}],"about":[{"href":"https:\/\/verdadincomodadiario.ar\/index.php?rest_route=\/wp\/v2\/types\/post"}],"author":[{"embeddable":true,"href":"https:\/\/verdadincomodadiario.ar\/index.php?rest_route=\/wp\/v2\/users\/2"}],"replies":[{"embeddable":true,"href":"https:\/\/verdadincomodadiario.ar\/index.php?rest_route=%2Fwp%2Fv2%2Fcomments&post=10120"}],"version-history":[{"count":0,"href":"https:\/\/verdadincomodadiario.ar\/index.php?rest_route=\/wp\/v2\/posts\/10120\/revisions"}],"wp:featuredmedia":[{"embeddable":true,"href":"https:\/\/verdadincomodadiario.ar\/index.php?rest_route=\/wp\/v2\/media\/10121"}],"wp:attachment":[{"href":"https:\/\/verdadincomodadiario.ar\/index.php?rest_route=%2Fwp%2Fv2%2Fmedia&parent=10120"}],"wp:term":[{"taxonomy":"category","embeddable":true,"href":"https:\/\/verdadincomodadiario.ar\/index.php?rest_route=%2Fwp%2Fv2%2Fcategories&post=10120"},{"taxonomy":"post_tag","embeddable":true,"href":"https:\/\/verdadincomodadiario.ar\/index.php?rest_route=%2Fwp%2Fv2%2Ftags&post=10120"}],"curies":[{"name":"wp","href":"https:\/\/api.w.org\/{rel}","templated":true}]}}