{"id":10092,"date":"2025-07-07T01:24:18","date_gmt":"2025-07-07T01:24:18","guid":{"rendered":"https:\/\/verdadincomodadiario.ar\/?p=10092"},"modified":"2025-07-07T01:24:18","modified_gmt":"2025-07-07T01:24:18","slug":"cecilia-cairo-investigada-por-la-intendencia-de-montevideo","status":"publish","type":"post","link":"https:\/\/verdadincomodadiario.ar\/?p=10092","title":{"rendered":"Cecilia Cairo investigada por la Intendencia de Montevideo"},"content":{"rendered":"<p>Cairo fue ministro de Vivienda y Ordenamiento Territorial desde el 1\u00b0 de marzo hasta el 17 de abril, cuando renunci\u00f3 tras 48 d\u00edas debido a un mega esc\u00e1ndalo, por <strong>construcciones<\/strong> no registradas en su propiedad, y el no pago de los\u00a0<strong>impuestos<\/strong> correspondientes.<\/p>\n<p>En abril pasado, el programa de radio La Pecera de Azul FM revel\u00f3 que la propiedad de Cairo en Pajas Blancas, donde vive con su familia, estaba registrada como terreno <strong>bald\u00edo<\/strong> pese a tener cuatro casas y un contenedor.\u00a0<\/p>\n<p>Adem\u00e1s el predio ten\u00eda antenas inal\u00e1mbricas de televisi\u00f3n, y varias comodidades.<\/p>\n<p>Sin embargo la frenteamplista no pagaba impuestos y las cuatro viviendas tampoco hab\u00edan realizado los <strong>aportes<\/strong> correspondientes al BPS.<\/p>\n<p>Cuando el asunto se hizo p\u00fablico Cairo minti\u00f3 a la prensa en reiteradas oportunidades.\u00a0<\/p>\n<div class=\"inter_image image_horizontal\">\n<picture><source class=\"img-responsive\" type=\"image\/webp\" data-srcset=\"https:\/\/filesedc.com\/uploads\/image\/post\/2025\/07\/images-1-1751842337787_300_200.webp 300w, https:\/\/filesedc.com\/uploads\/image\/post\/2025\/07\/images-1-1751842337787_630_420.webp 630w, https:\/\/filesedc.com\/uploads\/image\/post\/2025\/07\/images-1-1751842337787_760_507.webp 760w, https:\/\/filesedc.com\/uploads\/image\/post\/2025\/07\/images-1-1751842337787_1200_800.webp 1200w, https:\/\/filesedc.com\/uploads\/image\/post\/2025\/07\/images-1-1751842337787_1600_1067.webp 1600w, \"><img decoding=\"async\" src=\"https:\/\/derechadiario.com.ar\/filesedc\/uploads\/image\/post\/2025\/07\/images-1-1751842337787_1200_800.webp\" class=\"img-responsive lazyload\" alt=\"Mujer de cabello casta\u00f1o y gafas gesticulando con las manos frente a un fondo borroso donde se distingue un c\u00edrculo rojo con el n\u00famero 609\" title=\"Mujer de cabello casta\u00f1o y gafas gesticulando con las manos frente a un fondo borroso donde se distingue un c\u00edrculo rojo con el n\u00famero 609\"><\/picture>\n<div>\n<span class=\"img_footer\">Cairo en el local del MPP  <\/span>| <span class=\"img_author\">La Derecha Diario<\/span>\n<\/div>\n<\/div>\n<p>Hasta que pocos d\u00edas despu\u00e9s fue <strong>expulsada<\/strong> del gobierno.<\/p>\n<p>Estuvo durante m\u00e1s de 20 a\u00f1os sin pagar impuestos. Algo que es totalmente ilegal.<\/p>\n<p>Volvi\u00f3 a su rol como diputada y sigue activa en el MPP.<\/p>\n<h2>Investigada por la intendencia de Montevideo<\/h2>\n<p>En julio de 2025, reportes indican que la Intendencia de Montevideo <strong>investiga<\/strong> una <strong>maniobra<\/strong> administrativa en favor de Cairo, aunque los detalles no est\u00e1n claros.\u00a0<\/p>\n<p>La Intendencia emiti\u00f3 una resoluci\u00f3n el viernes 4 de julio en la que dictamina, a trav\u00e9s de la Direcci\u00f3n General del Departamento de Gesti\u00f3n Humana y Recursos Materiales, una investigaci\u00f3n administrativa por parte de la Unidad Sumario de la comuna por una \u201c<strong>irregularidad<\/strong>\u201d cometida para <strong>favorecer<\/strong> a Cairo, que en ese momento era diputada.<\/p>\n<figure><img decoding=\"async\" src=\"https:\/\/derechadiario.com.ar\/filesedc\/uploads\/image\/post\/2025\/07\/images-1751842433794_1200_800.webp\" class=\"img-responsive lazyload\" alt=\"Una mujer con gafas observa atentamente a un hombre mayor que sostiene un micr\u00f3fono durante una conversaci\u00f3n en un ambiente interior\" title=\"Una mujer con gafas observa atentamente a un hombre mayor que sostiene un micr\u00f3fono durante una conversaci\u00f3n en un ambiente interior\"><\/figure>\n<p>La maniobra aparentemente consisti\u00f3 en que a la frenteamplista un director pol\u00edtico de la intendencia le habr\u00eda quitado <strong>multas<\/strong> de tr\u00e1nsito a los efectos de que Cairo no las abonara.<\/p>\n<p>Las multas ser\u00edan de varias centenas\u00a0de miles de pesos.<\/p>\n<p>Si esto se confirma ser\u00eda realmente <strong>grave<\/strong>. Una diputada utiliz\u00f3 su cargo institucional para evitar pagar las multas de tr\u00e1nsito que le hubieran correspondido.<\/p>\n","protected":false},"excerpt":{"rendered":"<p>Cairo fue ministro de Vivienda y Ordenamiento Territorial desde el 1\u00b0 de marzo hasta el 17 de abril, cuando renunci\u00f3 tras 48 d\u00edas debido a un mega esc\u00e1ndalo, por construcciones no registradas en su propiedad, y el no pago de los\u00a0impuestos correspondientes. En abril pasado, el programa de radio La Pecera de Azul FM revel\u00f3 [&hellip;]<\/p>\n","protected":false},"author":2,"featured_media":10093,"comment_status":"open","ping_status":"open","sticky":false,"template":"","format":"standard","meta":{"_et_pb_use_builder":"","_et_pb_old_content":"","_et_gb_content_width":"","footnotes":""},"categories":[84],"tags":[],"class_list":["post-10092","post","type-post","status-publish","format-standard","has-post-thumbnail","hentry","category-ultimomomento"],"_links":{"self":[{"href":"https:\/\/verdadincomodadiario.ar\/index.php?rest_route=\/wp\/v2\/posts\/10092","targetHints":{"allow":["GET"]}}],"collection":[{"href":"https:\/\/verdadincomodadiario.ar\/index.php?rest_route=\/wp\/v2\/posts"}],"about":[{"href":"https:\/\/verdadincomodadiario.ar\/index.php?rest_route=\/wp\/v2\/types\/post"}],"author":[{"embeddable":true,"href":"https:\/\/verdadincomodadiario.ar\/index.php?rest_route=\/wp\/v2\/users\/2"}],"replies":[{"embeddable":true,"href":"https:\/\/verdadincomodadiario.ar\/index.php?rest_route=%2Fwp%2Fv2%2Fcomments&post=10092"}],"version-history":[{"count":0,"href":"https:\/\/verdadincomodadiario.ar\/index.php?rest_route=\/wp\/v2\/posts\/10092\/revisions"}],"wp:featuredmedia":[{"embeddable":true,"href":"https:\/\/verdadincomodadiario.ar\/index.php?rest_route=\/wp\/v2\/media\/10093"}],"wp:attachment":[{"href":"https:\/\/verdadincomodadiario.ar\/index.php?rest_route=%2Fwp%2Fv2%2Fmedia&parent=10092"}],"wp:term":[{"taxonomy":"category","embeddable":true,"href":"https:\/\/verdadincomodadiario.ar\/index.php?rest_route=%2Fwp%2Fv2%2Fcategories&post=10092"},{"taxonomy":"post_tag","embeddable":true,"href":"https:\/\/verdadincomodadiario.ar\/index.php?rest_route=%2Fwp%2Fv2%2Ftags&post=10092"}],"curies":[{"name":"wp","href":"https:\/\/api.w.org\/{rel}","templated":true}]}}