{"id":10046,"date":"2025-07-06T00:24:41","date_gmt":"2025-07-06T00:24:41","guid":{"rendered":"https:\/\/verdadincomodadiario.ar\/?p=10046"},"modified":"2025-07-06T00:24:41","modified_gmt":"2025-07-06T00:24:41","slug":"cerro-largo-un-paso-necesario-hacia-un-estado-mas-austero","status":"publish","type":"post","link":"https:\/\/verdadincomodadiario.ar\/?p=10046","title":{"rendered":"Cerro Largo: un paso necesario hacia un Estado m\u00e1s austero"},"content":{"rendered":"<p><strong>En tiempos donde el gasto p\u00fablico desbordado ahoga a los contribuyentes y asfixia las oportunidades de desarrollo<\/strong>, el caso de Cerro Largo vuelve a poner sobre la mesa una discusi\u00f3n clave: el tama\u00f1o del Estado y su impacto sobre la sociedad productiva. El intendente electo, Christian Morel, anunci\u00f3 el cese de unos 300 funcionarios municipales, una decisi\u00f3n que, m\u00e1s all\u00e1 de los nombres propios, <strong>expone un problema estructural: el exceso de personal en las intendencias y el peso insoportable del denominado \u201crubro cero\u201d<\/strong> (sueldos y cargas sociales).<\/p>\n<p><strong>No es una novedad que las intendencias del interior, como tantas otras reparticiones estatales, han funcionado durante d\u00e9cadas como refugio de un clientelismo que poco o nada aporta al bien com\u00fan<\/strong>. Lo notable del anuncio es que incluso la presidenta de Adeom, sindicato que hist\u00f3ricamente defiende a ultranza el status quo burocr\u00e1tico, reconoci\u00f3 que el gasto en salarios est\u00e1 desbordado. <strong>Cuando hasta los sindicatos comienzan a admitir la evidencia, es claro que el Estado ha crecido m\u00e1s all\u00e1 de lo razonable<\/strong>.<\/p>\n<p><a href=\"https:\/\/derechadiario.com.ar\/uruguay\/politica\/mujica-delato-sus-companeros-y-colaboro-con-los-militares-1972\">Quiz\u00e1s tambi\u00e9n te interese conocer un episodio revelador de la historia reciente<\/a><\/p>\n<p>El ajuste, aunque doloroso para quienes perder\u00e1n su puesto, <strong>es imprescindible si se quiere liberar recursos para lo que realmente importa: infraestructura, servicios de calidad y alivio fiscal para los vecinos que sostienen con su esfuerzo cada peso que la Intendencia gasta<\/strong>. Porque un Estado que se limita a engordar su propia maquinaria <strong>es un freno al progreso, y no su motor<\/strong>.<\/p>\n<p>Por otro lado, el anuncio de Morel sobre la extensi\u00f3n del uso obligatorio del casco en la capital departamental toca un aspecto donde el Estado s\u00ed tiene un rol leg\u00edtimo: <strong>proteger la vida y la integridad de las personas en situaciones donde el da\u00f1o se extiende a terceros o a los recursos colectivos<\/strong> (como la salud p\u00fablica). <strong>Promover el uso del casco no es una intromisi\u00f3n arbitraria, sino una pol\u00edtica razonable para reducir costos sociales y humanos derivados de la siniestralidad vial<\/strong>.<\/p>\n<p><a href=\"https:\/\/derechadiario.com.ar\/uruguay\/opinion\/asi-luce-socialdemocracia\">Quiz\u00e1s tambi\u00e9n te interese un an\u00e1lisis sobre los l\u00edmites de la socialdemocracia<\/a><\/p>\n<p><strong>La situaci\u00f3n de Cerro Largo deber\u00eda invitar a una reflexi\u00f3n m\u00e1s amplia<\/strong>: \u00bfcu\u00e1nto mejorar\u00eda la calidad de vida de los uruguayos si el aparato estatal dejara de ser un obst\u00e1culo y se convirtiera en un socio discreto, eficiente y austero? <strong>La respuesta no depende de un intendente, ni de un partido. Depende de un cambio cultural que empiece a valorar la libertad individual, la responsabilidad personal y el respeto por el esfuerzo ajeno<\/strong>.<\/p>\n<p><a href=\"https:\/\/derechadiario.com.ar\/uruguay\/politica\/100-dias-bitacora-del-proyecto-gobierno-honesto-yamandu-orsi\">Quiz\u00e1s tambi\u00e9n te interese una bit\u00e1cora sobre las promesas y realidades de un gobierno reciente<\/a><\/p>\n","protected":false},"excerpt":{"rendered":"<p>En tiempos donde el gasto p\u00fablico desbordado ahoga a los contribuyentes y asfixia las oportunidades de desarrollo, el caso de Cerro Largo vuelve a poner sobre la mesa una discusi\u00f3n clave: el tama\u00f1o del Estado y su impacto sobre la sociedad productiva. El intendente electo, Christian Morel, anunci\u00f3 el cese de unos 300 funcionarios municipales, [&hellip;]<\/p>\n","protected":false},"author":2,"featured_media":10047,"comment_status":"open","ping_status":"open","sticky":false,"template":"","format":"standard","meta":{"_et_pb_use_builder":"","_et_pb_old_content":"","_et_gb_content_width":"","footnotes":""},"categories":[84],"tags":[],"class_list":["post-10046","post","type-post","status-publish","format-standard","has-post-thumbnail","hentry","category-ultimomomento"],"_links":{"self":[{"href":"https:\/\/verdadincomodadiario.ar\/index.php?rest_route=\/wp\/v2\/posts\/10046","targetHints":{"allow":["GET"]}}],"collection":[{"href":"https:\/\/verdadincomodadiario.ar\/index.php?rest_route=\/wp\/v2\/posts"}],"about":[{"href":"https:\/\/verdadincomodadiario.ar\/index.php?rest_route=\/wp\/v2\/types\/post"}],"author":[{"embeddable":true,"href":"https:\/\/verdadincomodadiario.ar\/index.php?rest_route=\/wp\/v2\/users\/2"}],"replies":[{"embeddable":true,"href":"https:\/\/verdadincomodadiario.ar\/index.php?rest_route=%2Fwp%2Fv2%2Fcomments&post=10046"}],"version-history":[{"count":0,"href":"https:\/\/verdadincomodadiario.ar\/index.php?rest_route=\/wp\/v2\/posts\/10046\/revisions"}],"wp:featuredmedia":[{"embeddable":true,"href":"https:\/\/verdadincomodadiario.ar\/index.php?rest_route=\/wp\/v2\/media\/10047"}],"wp:attachment":[{"href":"https:\/\/verdadincomodadiario.ar\/index.php?rest_route=%2Fwp%2Fv2%2Fmedia&parent=10046"}],"wp:term":[{"taxonomy":"category","embeddable":true,"href":"https:\/\/verdadincomodadiario.ar\/index.php?rest_route=%2Fwp%2Fv2%2Fcategories&post=10046"},{"taxonomy":"post_tag","embeddable":true,"href":"https:\/\/verdadincomodadiario.ar\/index.php?rest_route=%2Fwp%2Fv2%2Ftags&post=10046"}],"curies":[{"name":"wp","href":"https:\/\/api.w.org\/{rel}","templated":true}]}}