{"id":10042,"date":"2025-07-05T22:33:45","date_gmt":"2025-07-05T22:33:45","guid":{"rendered":"https:\/\/verdadincomodadiario.ar\/?p=10042"},"modified":"2025-07-05T22:33:45","modified_gmt":"2025-07-05T22:33:45","slug":"impunidad-para-evo-mariana-prado-dijo-que-le-exigio-eso-a-andronico-rodriguez","status":"publish","type":"post","link":"https:\/\/verdadincomodadiario.ar\/?p=10042","title":{"rendered":"Impunidad para Evo: Mariana Prado dijo que le exigi\u00f3 eso a Andr\u00f3nico Rodr\u00edguez"},"content":{"rendered":"<p>La candidata a <a href=\"https:\/\/derechadiario.com.ar\/bolivia\/politica\/debilitado-andronico-rodriguez-ratifico-mariana-prado-como-parte-su-binomio\" title=\"Un debilitado Andr\u00f3nico Rodr\u00edguez ratific\u00f3 a Mariana Prado como parte de su binomio\">la vicepresidencia por Alianza Popular, Mariana Prado<\/a>, reconoci\u00f3 que su participaci\u00f3n en el binomio con Andr\u00f3nico Rodr\u00edguez dependi\u00f3 de una sola condici\u00f3n. Afirm\u00f3 que <strong>no aceptar\u00eda ser parte de ninguna campa\u00f1a que se dirija<\/strong> <a href=\"https:\/\/derechadiario.com.ar\/bolivia\/politica\/evo-morales-ha-embarazado-varias-ninas-del-castillo-aseguro-tener-pruebas\" title=\"Evo Morales 'ha embarazado a varias ni\u00f1as': Del Castillo asegur\u00f3 tener pruebas\">contra Evo Morales<\/a>.<\/p>\n<p>En una entrevista televisiva, revel\u00f3 que esa fue su primera exigencia al ser invitada por el presidente del Senado. \u00a0<strong>\u201cSi es contra Evo, no cuentes conmigo\u201d<\/strong>, declar\u00f3 Prado. A\u00f1adi\u00f3 que <strong>no desea involucrarse en enfrentamientos internos del MAS<\/strong>.<\/p>\n<p>Prado, exministra de Planificaci\u00f3n de Morales, enfatiz\u00f3 que <strong>la relaci\u00f3n con Evo era clave en su decisi\u00f3n<\/strong>. Consider\u00f3 que la campa\u00f1a deb\u00eda mantener una postura neutral o favorable hacia el exmandatario.<\/p>\n<p>Tambi\u00e9n manifest\u00f3 que su permanencia depend\u00eda de la identidad pol\u00edtica de la alianza. Dijo que no quer\u00eda figurar como candidata de partidos que no compartieran sus principios socialistas. Se\u00f1al\u00f3 que incluso evalu\u00f3 no postular hasta conocer la sigla que los respaldar\u00eda.<\/p>\n<h2>Una invitaci\u00f3n sorpresiva\u00a0<\/h2>\n<div class=\"inter_image image_horizontal\">\n<picture><source class=\"img-responsive\" type=\"image\/webp\" data-srcset=\"https:\/\/filesedc.com\/uploads\/image\/post\/2025\/07\/mariana-prado_300_200.webp 300w, https:\/\/filesedc.com\/uploads\/image\/post\/2025\/07\/mariana-prado_630_420.webp 630w, https:\/\/filesedc.com\/uploads\/image\/post\/2025\/07\/mariana-prado_760_507.webp 760w, https:\/\/filesedc.com\/uploads\/image\/post\/2025\/07\/mariana-prado_1200_800.webp 1200w, https:\/\/filesedc.com\/uploads\/image\/post\/2025\/07\/mariana-prado_1600_1067.webp 1600w, \"><img decoding=\"async\" src=\"https:\/\/derechadiario.com.ar\/filesedc\/uploads\/image\/post\/2025\/07\/mariana-prado_1200_800.webp\" class=\"img-responsive lazyload\" alt=\"Mujer sentada en una oficina con documentos y gr\u00e1ficos sobre la mesa, hablando y gesticulando, al fondo se ven dos banderas de Bolivia\" title=\"Mujer sentada en una oficina con documentos y gr\u00e1ficos sobre la mesa, hablando y gesticulando, al fondo se ven dos banderas de Bolivia\"><\/picture>\n<div>\n<span class=\"img_footer\">La invitaci\u00f3n la tom\u00f3 por sorpresa <\/span>| <span class=\"img_author\">La Derecha Diario<\/span>\n<\/div>\n<\/div>\n<p>La exjefa de gabinete de Garc\u00eda Linera revel\u00f3 que la invitaci\u00f3n la tom\u00f3 por sorpresa. Rodr\u00edguez la contact\u00f3 mientras ella se encontraba en Buenos Aires. Tuvieron una conversaci\u00f3n telef\u00f3nica donde \u00e9l le explic\u00f3 la idea de formar un binomio.<\/p>\n<p>Seg\u00fan Prado, insisti\u00f3 en que <strong>la l\u00ednea pol\u00edtica deb\u00eda quedar clara antes de cualquier anuncio<\/strong>. Solo despu\u00e9s de pactar que no se confrontar\u00eda con Morales acept\u00f3 el ofrecimiento.<\/p>\n<p>Prado record\u00f3 que en el momento de la invitaci\u00f3n a\u00fan no exist\u00eda una sigla definida. Dijo que \u00a0<strong>no estaba dispuesta a prestarse a una candidatura improvisada<\/strong>. Entre risas, asegur\u00f3 que le preocupaba aparecer como candidata de ADN u otra fuerza conservadora.<\/p>\n<p>Su exigencia fue tener claridad ideol\u00f3gica y un instrumento pol\u00edtico af\u00edn. Esta preocupaci\u00f3n fue uno de los dos elementos clave para su aceptaci\u00f3n.<\/p>\n<h2>Cr\u00edticas por sus declaraciones<\/h2>\n<figure><img decoding=\"async\" src=\"https:\/\/derechadiario.com.ar\/filesedc\/uploads\/image\/post\/2025\/07\/andronico-mariana_1200_800.webp\" class=\"img-responsive lazyload\" alt=\"Una mujer sonriente saluda con la mano mientras un hombre con sombrero y bufanda colorida sostiene un micr\u00f3fono en un escenario frente a una multitud con banderas y pancartas en un evento al aire libre\" title=\"Una mujer sonriente saluda con la mano mientras un hombre con sombrero y bufanda colorida sostiene un micr\u00f3fono en un escenario frente a una multitud con banderas y pancartas en un evento al aire libre\"><\/figure>\n<p>Las declaraciones de Prado generaron una ola de cr\u00edticas desde distintos sectores. La viceministra de Comunicaci\u00f3n, Gabriela Alc\u00f3n, respondi\u00f3 que <strong>\u201cnadie est\u00e1 por encima de la Constituci\u00f3n\u201d<\/strong>.<\/p>\n<p>Cuestion\u00f3 que se antepongan pactos personales a los procesos judiciales pendientes. Remarc\u00f3 que Evo Morales a\u00fan tiene una orden de aprehensi\u00f3n que no se ejecuta por razones de seguridad. Afirm\u00f3 que debe haber justicia sin privilegios para nadie.<\/p>\n<p>El senador Henry Montero acus\u00f3 a Prado y Rodr\u00edguez de encubrir los delitos de Morales. Afirm\u00f3 que lo dicho por la candidata implica que las v\u00edctimas no tendr\u00e1n justicia.<\/p>\n<p>Critic\u00f3 lo que llam\u00f3 una sumisi\u00f3n a Evo dentro de una nueva f\u00f3rmula electoral. Dijo que este tipo de acuerdos refuerzan la impunidad. Agreg\u00f3 que por eso <strong>\u201cel pueblo no debe votar por dictadores\u201d<\/strong>.<\/p>\n<p>El exprefecto Manfred Reyes Villa tambi\u00e9n reaccion\u00f3 con dureza. Se\u00f1al\u00f3 que esa postura solo confirma que Rodr\u00edguez a\u00fan responde a Morales. En su criterio, Evo contin\u00faa gobernando desde las sombras.<\/p>\n<p>Adem\u00e1s, afirm\u00f3 que el pa\u00eds necesita un nuevo ciclo pol\u00edtico y no m\u00e1s subordinaciones. Advirti\u00f3 que una victoria de Alianza Popular significar\u00eda m\u00e1s de lo mismo.<\/p>\n<h2>Lealtad al l\u00edder cocalero<\/h2>\n<figure><img decoding=\"async\" src=\"https:\/\/derechadiario.com.ar\/filesedc\/uploads\/image\/post\/2025\/07\/u-mariana-prado-los-opositores-creen-que-van-a-transformar-bolivia-ajustando-perforando-el-modelo-economico-1747676039_1200_800.webp\" class=\"img-responsive lazyload\" alt=\"Tres personas con guirnaldas de flores en el cuello levantan el pu\u00f1o derecho mientras una de ellas sostiene una bandera de Bolivia\" title=\"Tres personas con guirnaldas de flores en el cuello levantan el pu\u00f1o derecho mientras una de ellas sostiene una bandera de Bolivia\"><\/figure>\n<p>Por su parte, Branko Marinkovic record\u00f3 que ambos candidatos vienen del evismo. Asegur\u00f3 que Rodr\u00edguez y Prado \u00a0<strong>\u201csiempre fueron de Evo\u201d y por tanto su lealtad no sorprende<\/strong>.<\/p>\n<p>Consider\u00f3 que las disputas internas del MAS no deben confundir al electorado. Para \u00e9l, todo el bloque responde al mismo liderazgo. <strong>\u201cEntre ellos que se arreglen\u201d<\/strong>, concluy\u00f3.<\/p>\n<p>El analista Jos\u00e9 Luis Santistevan fue m\u00e1s all\u00e1 en su an\u00e1lisis. Afirm\u00f3 que lo dicho por Prado podr\u00eda considerarse encubrimiento. Mencion\u00f3 que <strong>hay una deuda pol\u00edtica y moral con Morales por su pasado com\u00fan<\/strong>.<\/p>\n<p>Sostuvo que eso explica la protecci\u00f3n impl\u00edcita prometida en campa\u00f1a. Para \u00e9l, este tipo de pactos solo perpet\u00faan la corrupci\u00f3n. Denunci\u00f3 que los mismos rostros del pasado siguen dominando la escena.<\/p>\n<p>Los dichos de Prado tambi\u00e9n alimentan la percepci\u00f3n de que Morales a\u00fan influye en la pol\u00edtica nacional. Aunque <strong>Rodr\u00edguez intent\u00f3 distanciarse del evismo, su f\u00f3rmula genera dudas<\/strong>. Muchos observan incoherencias entre su ruptura formal y sus alianzas reales.<\/p>\n<p>La permanencia de Prado en el binomio refuerza esas sospechas. El discurso de cambio pierde fuerza ante gestos de sumisi\u00f3n.<\/p>\n<h2>Admiraci\u00f3n por el ped\u00f3filo<\/h2>\n<figure><img decoding=\"async\" src=\"https:\/\/derechadiario.com.ar\/filesedc\/uploads\/image\/post\/2025\/07\/2025062110055170228_1200_800.webp\" class=\"img-responsive lazyload\" alt=\"Hombre de cabello oscuro con camiseta azul hablando frente a dos banderas y un fondo de madera\" title=\"Hombre de cabello oscuro con camiseta azul hablando frente a dos banderas y un fondo de madera\"><\/figure>\n<p>En mayo, Prado ya <strong>hab\u00eda expresado admiraci\u00f3n por Morales<\/strong>. En una entrevista, dijo que a\u00fan lo consideraba su jefe pol\u00edtico. Asegur\u00f3 que mantiene comunicaci\u00f3n con sus exjefes de gobierno.<\/p>\n<p>Esa confesi\u00f3n ahora cobra relevancia frente a su nueva candidatura. Su cercan\u00eda con el expresidente se alinea con la condici\u00f3n que impuso a Rodr\u00edguez.<\/p>\n<p>El domingo pasado, contra todo pron\u00f3stico, <strong>Prado fue ratificada como candidata<\/strong>. Muchos esperaban que fuera reemplazada tras las controversias.<\/p>\n<p>Sin embargo, Rodr\u00edguez decidi\u00f3 mantener la dupla. Con ello, <strong>confirma que respalda la postura de no confrontar al l\u00edder cocalero<\/strong>.<\/p>\n<p>Las declaraciones de Prado no solo generan cr\u00edticas externas. Tambi\u00e9n intensifican las tensiones dentro del bloque oficialista. La campa\u00f1a electoral de 2025 podr\u00eda convertirse en un refer\u00e9ndum sobre Evo.<\/p>\n<p>Hasta el momento, ni Rodr\u00edguez ni Prado se han retractado de lo dicho. Tampoco han ofrecido aclaraciones sobre posibles acciones legales.<\/p>\n<p>Desde la oposici\u00f3n insisten en que \u00a0<strong>el silencio significa consentimiento<\/strong>. La pol\u00e9mica se mantiene en el centro del debate pol\u00edtico. Y el fantasma de Evo contin\u00faa influyendo sobre todas las candidaturas.<\/p>\n","protected":false},"excerpt":{"rendered":"<p>La candidata a la vicepresidencia por Alianza Popular, Mariana Prado, reconoci\u00f3 que su participaci\u00f3n en el binomio con Andr\u00f3nico Rodr\u00edguez dependi\u00f3 de una sola condici\u00f3n. Afirm\u00f3 que no aceptar\u00eda ser parte de ninguna campa\u00f1a que se dirija contra Evo Morales. En una entrevista televisiva, revel\u00f3 que esa fue su primera exigencia al ser invitada por [&hellip;]<\/p>\n","protected":false},"author":2,"featured_media":10043,"comment_status":"open","ping_status":"open","sticky":false,"template":"","format":"standard","meta":{"_et_pb_use_builder":"","_et_pb_old_content":"","_et_gb_content_width":"","footnotes":""},"categories":[84],"tags":[],"class_list":["post-10042","post","type-post","status-publish","format-standard","has-post-thumbnail","hentry","category-ultimomomento"],"_links":{"self":[{"href":"https:\/\/verdadincomodadiario.ar\/index.php?rest_route=\/wp\/v2\/posts\/10042","targetHints":{"allow":["GET"]}}],"collection":[{"href":"https:\/\/verdadincomodadiario.ar\/index.php?rest_route=\/wp\/v2\/posts"}],"about":[{"href":"https:\/\/verdadincomodadiario.ar\/index.php?rest_route=\/wp\/v2\/types\/post"}],"author":[{"embeddable":true,"href":"https:\/\/verdadincomodadiario.ar\/index.php?rest_route=\/wp\/v2\/users\/2"}],"replies":[{"embeddable":true,"href":"https:\/\/verdadincomodadiario.ar\/index.php?rest_route=%2Fwp%2Fv2%2Fcomments&post=10042"}],"version-history":[{"count":0,"href":"https:\/\/verdadincomodadiario.ar\/index.php?rest_route=\/wp\/v2\/posts\/10042\/revisions"}],"wp:featuredmedia":[{"embeddable":true,"href":"https:\/\/verdadincomodadiario.ar\/index.php?rest_route=\/wp\/v2\/media\/10043"}],"wp:attachment":[{"href":"https:\/\/verdadincomodadiario.ar\/index.php?rest_route=%2Fwp%2Fv2%2Fmedia&parent=10042"}],"wp:term":[{"taxonomy":"category","embeddable":true,"href":"https:\/\/verdadincomodadiario.ar\/index.php?rest_route=%2Fwp%2Fv2%2Fcategories&post=10042"},{"taxonomy":"post_tag","embeddable":true,"href":"https:\/\/verdadincomodadiario.ar\/index.php?rest_route=%2Fwp%2Fv2%2Ftags&post=10042"}],"curies":[{"name":"wp","href":"https:\/\/api.w.org\/{rel}","templated":true}]}}