{"id":10014,"date":"2025-07-05T00:25:00","date_gmt":"2025-07-05T00:25:00","guid":{"rendered":"https:\/\/verdadincomodadiario.ar\/?p=10014"},"modified":"2025-07-05T00:25:00","modified_gmt":"2025-07-05T00:25:00","slug":"la-peor-cara-del-socialismo-uruguayo-ya-no-esta-murio-jose-diaz","status":"publish","type":"post","link":"https:\/\/verdadincomodadiario.ar\/?p=10014","title":{"rendered":"La peor cara del socialismo uruguayo ya no est\u00e1: muri\u00f3 Jos\u00e9 D\u00edaz"},"content":{"rendered":"<p><strong>Con la muerte de Jos\u00e9 D\u00edaz, la izquierda uruguaya pierde a otro de sus hist\u00f3ricos referentes<\/strong> y la sociedad tiene una nueva oportunidad para recordar el legado de dirigentes que atentaron contra la democracia.<\/p>\n<p>Al igual que Jos\u00e9 Mujica, D\u00edaz cultiv\u00f3 la imagen de ser un <strong>\u201csensible luchador social\u201d mientras encarnaba una ideolog\u00eda criminal<\/strong>, esa que desprecia el orden democr\u00e1tico cuando este no se ajustaba a sus objetivos.<\/p>\n<p><strong>Paralizaba la educaci\u00f3n en nombre de la revoluci\u00f3n<\/strong><\/p>\n<p>Se describ\u00eda como un \u201csocialista silvestre\u201d, es decir, un joven que, desde sus a\u00f1os estudiantiles, <strong>absorb\u00eda sin reflexi\u00f3n cr\u00edtica los dogmas de la izquierda<\/strong>, convencido de que la pobreza se combat\u00eda destruyendo las libertades individuales.<\/p>\n<p><a href=\"https:\/\/derechadiario.com.ar\/uruguay\/politica\/mujica-delato-sus-companeros-y-colaboro-con-los-militares-1972\">Quiz\u00e1s tambi\u00e9n te interese descubrir el pasado oculto de un l\u00edder emblem\u00e1tico<\/a><\/p>\n<p>Su militancia comenz\u00f3 en gremios estudiantiles, desde los cuales promovi\u00f3 huelgas que no defend\u00edan tanto la educaci\u00f3n como su proyecto pol\u00edtico.<\/p>\n<p>Ya en su juventud, D\u00edaz particip\u00f3 activamente en la creaci\u00f3n de la Federaci\u00f3n de Estudiantes del Interior y luego en la Federaci\u00f3n de Estudiantes Universitarios Uruguay (FEUU).<\/p>\n<p><strong>No sorprende que luego fuera pieza clave en la fundaci\u00f3n del Frente Amplio<\/strong> y que reconociera haber \u201cdejado la vida\u201d por su causa. <strong>En realidad, dej\u00f3 la vida de muchos uruguayos atrapados en la delincuencia<\/strong>, pero tambi\u00e9n muertos por su criminal revoluci\u00f3n.<\/p>\n<p><strong>El socialista clandestino que so\u00f1aba con la Cuba de Fidel<\/strong><\/p>\n<p>Contrario a la imagen que los frenteamplistas salen a vender, <strong>D\u00edaz no fue un pol\u00edtico pac\u00edfico y mucho menos un referente \u00e9tico<\/strong>. En los a\u00f1os 60 dirigi\u00f3 un Partido Socialista ilegalizado, del cual mantuvo el control durante siete a\u00f1os en la clandestinidad.<\/p>\n<p>Su discurso rememoraba con nostalgia esa \u00e9poca en que el socialismo uruguayo <strong>admiraba a la revoluci\u00f3n cubana y coqueteaba con la lucha armada<\/strong>.<\/p>\n<p><a href=\"https:\/\/derechadiario.com.ar\/uruguay\/opinion\/asi-luce-socialdemocracia\">Quiz\u00e1s tambi\u00e9n te interese un an\u00e1lisis sobre el verdadero rostro de la socialdemocracia<\/a><\/p>\n<p>Jos\u00e9 D\u00edaz particip\u00f3 en la conferencia de la Organizaci\u00f3n Latinoamericana de Solidaridad (OLAS) en La Habana, acompa\u00f1ado por Wilson Daniel Gargano \u2014exembajador de Uruguay en Cuba y Venezuela\u2014, donde durante las d\u00e9cadas de 1960 y 1970 los movimientos de izquierda latinoamericanos discut\u00edan y promov\u00edan la lucha armada como v\u00eda para la revoluci\u00f3n.<\/p>\n<p>Su cercan\u00eda a Vivian Tr\u00edas, exsecretario general del Partido Socialista y conocido por haber sido <strong>esp\u00eda rentado para el servicio de inteligencia del r\u00e9gimen comunista de Checoslovaquia<\/strong>, confirma su compromiso con la causa socialista internacionalista.<\/p>\n<p><strong>Un ministro del Interior completamente fracasado<\/strong><\/p>\n<p>Su paso por el Ministerio del Interior, entre marzo de 2005 y mayo de 2007, fue coherente con su trayectoria previa: <strong>desprecio por el orden, vista gorda con el delito y una lectura infantil de la criminalidad<\/strong>.<\/p>\n<p>Promovi\u00f3 con entusiasmo la Ley de Humanizaci\u00f3n del Sistema Carcelario, que permiti\u00f3 la liberaci\u00f3n anticipada de cientos de presos \u2014bajo el supuesto de que el trabajo y el estudio los reintegrar\u00edan a la sociedad\u2014 que terminaron reincidiendo y, por consiguiente, <strong>disparando la inseguridad nacional<\/strong>.<\/p>\n<p><a href=\"https:\/\/derechadiario.com.ar\/uruguay\/politica\/100-dias-bitacora-del-proyecto-gobierno-honesto-yamandu-orsi\">Quiz\u00e1s tambi\u00e9n te interese un repaso cr\u00edtico sobre los primeros 100 d\u00edas de un gobierno<\/a><\/p>\n<p>Para \u00e9l, el delito era siempre producto de una sociedad injusta, no de decisiones individuales. <strong>El criminal merec\u00eda comprensi\u00f3n<\/strong>.<\/p>\n<p><strong>\u00bfel \u00eddolo de Carlos Negro?<\/strong><\/p>\n<p>La interpelaci\u00f3n parlamentaria de octubre de 2006 expuso la crisis del Ministerio del Interior bajo Jos\u00e9 D\u00edaz: favoritismos, irregularidades administrativas y falta de control sobre la Jefatura de Polic\u00eda de Maldonado. Legisladores denunciaron una <strong>\u201csituaci\u00f3n de extrema gravedad\u201d<\/strong> y forzaron su comparecencia.<\/p>\n<p>Lejos de asumir responsabilidades, <strong>D\u00edaz provoc\u00f3 indignaci\u00f3n al describir la seguridad en Maldonado como \u201cparadis\u00edaca\u201d<\/strong> en comparaci\u00f3n con ciudades como Mar del Plata o Florian\u00f3polis. Su ineptitud dej\u00f3 a una zona clave para el turismo nacional convertida en epicentro de la inseguridad p\u00fablica.<\/p>\n<div class=\"inter_image image_horizontal\">\n<picture><source class=\"img-responsive\" type=\"image\/webp\" data-srcset=\"https:\/\/filesedc.com\/uploads\/image\/post\/2025\/07\/img-20250704-wa0074_300_200.webp 300w, https:\/\/filesedc.com\/uploads\/image\/post\/2025\/07\/img-20250704-wa0074_630_420.webp 630w, https:\/\/filesedc.com\/uploads\/image\/post\/2025\/07\/img-20250704-wa0074_760_507.webp 760w, https:\/\/filesedc.com\/uploads\/image\/post\/2025\/07\/img-20250704-wa0074_1200_800.webp 1200w, https:\/\/filesedc.com\/uploads\/image\/post\/2025\/07\/img-20250704-wa0074_1600_1067.webp 1600w, \"><img decoding=\"async\" src=\"https:\/\/derechadiario.com.ar\/filesedc\/uploads\/image\/post\/2025\/07\/img-20250704-wa0074_1200_800.webp\" class=\"img-responsive lazyload\" alt=\"Retrato en blanco y negro de un hombre de mediana edad con expresi\u00f3n seria y cabello oscuro peinado hacia atr\u00e1s\" title=\"Retrato en blanco y negro de un hombre de mediana edad con expresi\u00f3n seria y cabello oscuro peinado hacia atr\u00e1s\"><\/picture>\n<div>\n<span class=\"img_footer\">Jos\u00e9 D\u00edaz. <\/span>| <span class=\"img_author\">Redacci\u00f3n<\/span>\n<\/div>\n<\/div>\n<p>Lejos de completar el mandato, D\u00edaz renunci\u00f3 en mayo de 2007, apenas dos a\u00f1os despu\u00e9s de asumir, dado que su gesti\u00f3n hab\u00eda sido <strong>duramente cuestionada por la ineficacia frente a la inseguridad<\/strong> y por el impacto negativo de su pol\u00edtica carcelaria.<\/p>\n<p><strong>Turbio hasta el \u00faltimo momento<\/strong><\/p>\n<p>La decadencia final de la figura de Jos\u00e9 D\u00edaz se vio reflejada cuando, en diciembre de 2024, lo vincularon con Mart\u00edn Mutio: <strong>un narcotraficante condenado a 15 a\u00f1os de prisi\u00f3n por exportar 4,5 toneladas de coca\u00edna<\/strong> a Alemania entre 2019 y 2023.<\/p>\n<p><strong>Jos\u00e9 D\u00edaz represent\u00f3 la peor cara del socialismo uruguayo<\/strong>. El 13 de mayo, el Frente Amplio perdi\u00f3 al exterrorista Jos\u00e9 Mujica. Ahora, a otro de sus referentes hist\u00f3ricos. <strong>A los uruguayos de bien se les allana el camino: se necesitan dirigentes que respeten la vida, la libertad, la ley y el trabajo honesto<\/strong>.<\/p>\n","protected":false},"excerpt":{"rendered":"<p>Con la muerte de Jos\u00e9 D\u00edaz, la izquierda uruguaya pierde a otro de sus hist\u00f3ricos referentes y la sociedad tiene una nueva oportunidad para recordar el legado de dirigentes que atentaron contra la democracia. Al igual que Jos\u00e9 Mujica, D\u00edaz cultiv\u00f3 la imagen de ser un \u201csensible luchador social\u201d mientras encarnaba una ideolog\u00eda criminal, esa [&hellip;]<\/p>\n","protected":false},"author":2,"featured_media":10015,"comment_status":"open","ping_status":"open","sticky":false,"template":"","format":"standard","meta":{"_et_pb_use_builder":"","_et_pb_old_content":"","_et_gb_content_width":"","footnotes":""},"categories":[84],"tags":[],"class_list":["post-10014","post","type-post","status-publish","format-standard","has-post-thumbnail","hentry","category-ultimomomento"],"_links":{"self":[{"href":"https:\/\/verdadincomodadiario.ar\/index.php?rest_route=\/wp\/v2\/posts\/10014","targetHints":{"allow":["GET"]}}],"collection":[{"href":"https:\/\/verdadincomodadiario.ar\/index.php?rest_route=\/wp\/v2\/posts"}],"about":[{"href":"https:\/\/verdadincomodadiario.ar\/index.php?rest_route=\/wp\/v2\/types\/post"}],"author":[{"embeddable":true,"href":"https:\/\/verdadincomodadiario.ar\/index.php?rest_route=\/wp\/v2\/users\/2"}],"replies":[{"embeddable":true,"href":"https:\/\/verdadincomodadiario.ar\/index.php?rest_route=%2Fwp%2Fv2%2Fcomments&post=10014"}],"version-history":[{"count":0,"href":"https:\/\/verdadincomodadiario.ar\/index.php?rest_route=\/wp\/v2\/posts\/10014\/revisions"}],"wp:featuredmedia":[{"embeddable":true,"href":"https:\/\/verdadincomodadiario.ar\/index.php?rest_route=\/wp\/v2\/media\/10015"}],"wp:attachment":[{"href":"https:\/\/verdadincomodadiario.ar\/index.php?rest_route=%2Fwp%2Fv2%2Fmedia&parent=10014"}],"wp:term":[{"taxonomy":"category","embeddable":true,"href":"https:\/\/verdadincomodadiario.ar\/index.php?rest_route=%2Fwp%2Fv2%2Fcategories&post=10014"},{"taxonomy":"post_tag","embeddable":true,"href":"https:\/\/verdadincomodadiario.ar\/index.php?rest_route=%2Fwp%2Fv2%2Ftags&post=10014"}],"curies":[{"name":"wp","href":"https:\/\/api.w.org\/{rel}","templated":true}]}}